{"id":1077,"date":"2017-02-15T17:26:45","date_gmt":"2017-02-15T16:26:45","guid":{"rendered":"http:\/\/www.choeur-et-passions.fr\/?p=1077"},"modified":"2017-02-15T17:29:32","modified_gmt":"2017-02-15T16:29:32","slug":"assemblee-generale-3-janvier-2017","status":"publish","type":"post","link":"https:\/\/www.choeur-et-passions.fr\/index.php\/2017\/02\/15\/assemblee-generale-3-janvier-2017\/","title":{"rendered":"Assembl\u00e9e g\u00e9n\u00e9rale | 3 janvier 2017"},"content":{"rendered":"<p><img loading=\"lazy\" decoding=\"async\" src=\"http:\/\/www.choeur-et-passions.fr\/wp-content\/uploads\/2017\/02\/P1010310-225x300.jpg\" alt=\"P1010310\" width=\"225\" height=\"300\" class=\"alignright size-medium wp-image-1081\" srcset=\"https:\/\/www.choeur-et-passions.fr\/wp-content\/uploads\/2017\/02\/P1010310-225x300.jpg 225w, https:\/\/www.choeur-et-passions.fr\/wp-content\/uploads\/2017\/02\/P1010310-768x1024.jpg 768w, https:\/\/www.choeur-et-passions.fr\/wp-content\/uploads\/2017\/02\/P1010310-300x400.jpg 300w, https:\/\/www.choeur-et-passions.fr\/wp-content\/uploads\/2017\/02\/P1010310.jpg 1536w\" sizes=\"auto, (max-width: 225px) 100vw, 225px\" \/>Le 3 janvier 2017, les membres de l\u2019Association se sont r\u00e9unis en Assembl\u00e9e G\u00e9n\u00e9rale \u00e0 l\u2019\u00e9cole \u00e9l\u00e9mentaire Toulouse Lautrec \u00e0 VILLENEUVE-D\u2019ASCQ, en pr\u00e9sence des repr\u00e9sentants de la municipalit\u00e9, Mme Roselyne Cinus et Mr Jean-Antoine Rossit. Mme Monique Lempereur s&rsquo;\u00e9tait excus\u00e9e.<br \/>\nApr\u00e8s avoir excus\u00e9 Murielle Vandenouc, chef de ch\u0153ur, souffrante et dans l\u2019incapacit\u00e9 d\u2019assister \u00e0 l\u2019Assembl\u00e9e G\u00e9n\u00e9rale, le Pr\u00e9sident fait le bilan de la saison 2015-2016.<\/p>\n<p>Deux grands moments ont marqu\u00e9 cette ann\u00e9e :<br \/>\nNotre d\u00e9placement \u00e0 Senones dans les Vosges les 15,16 et 17 avril 2016. L\u2019accueil par le Ch\u0153ur d\u2019hommes des 3 Abbayes a \u00e9t\u00e9 des plus chaleureux et nous esp\u00e9rons rendre la pareille en 2018, le premier week-end de juin<br \/>\nLa c\u00e9l\u00e9bration du Jubil\u00e9 de Ch\u0153ur et Passions les 22,23 et 24 avril avec l&rsquo;exposition \u00e0 la salle Marianne et notre grand concert \u00e0 St S\u00e9bastien. La municipalit\u00e9 est vivement remerci\u00e9e pour le soutien apport\u00e9 \u00e0 cet \u00e9v\u00e9nement.<\/p>\n<p>Suite \u00e0 notre participation au forum des associations, 7 choristes sont venus grossir les rangs de la chorale dans tous les pupitres.<\/p>\n<p>Notre tr\u00e9sori\u00e8re pr\u00e9sente ensuite le bilan et les comptes de r\u00e9sultat de l\u2019exercice 2015-2016 ainsi que le projet de budget pr\u00e9visionnel pour la saison 2016-2017.<\/p>\n<p>Pour terminer, le Pr\u00e9sident met successivement aux voix les r\u00e9solutions pr\u00e9vues \u00e0 l&rsquo;ordre du jour.<\/p>\n<p>Apr\u00e8s l&rsquo;habituel billet d&rsquo;humour de notre vice-pr\u00e9sident, Jacques, nous nous sommes retrouv\u00e9s autour de la traditionnelle galette des rois.<\/p>\n<p>Le 10 janvier 2017, Murielle Vandenouc nous a pr\u00e9sent\u00e9 les moments forts de l&rsquo;ann\u00e9e \u00e0 venir :<br \/>\nLe 20 mai 2017 nous recevrons le choeur des fl\u00fbtes de l&rsquo;\u00e9cole de musique de Roncq.<br \/>\nNotre concert de Sainte C\u00e9cile aura lieu le 18 novembre, invit\u00e9s par la chorale de Roncq.<br \/>\nIl conviendra d\u2019ajouter, \u00e0 ces activit\u00e9s, notre concert annuel offert aux a\u00een\u00e9s de l\u2019E.H.P.A.D. du Moulin d\u2019Ascq et le concert de No\u00ebl de la municipalit\u00e9 en d\u00e9cembre 2017.<\/p>\n\n\t\t<style type=\"text\/css\">\n\t\t\t#gallery-1 {\n\t\t\t\tmargin: auto;\n\t\t\t}\n\t\t\t#gallery-1 .gallery-item {\n\t\t\t\tfloat: left;\n\t\t\t\tmargin-top: 10px;\n\t\t\t\ttext-align: center;\n\t\t\t\twidth: 33%;\n\t\t\t}\n\t\t\t#gallery-1 img {\n\t\t\t\tborder: 2px solid #cfcfcf;\n\t\t\t}\n\t\t\t#gallery-1 .gallery-caption {\n\t\t\t\tmargin-left: 0;\n\t\t\t}\n\t\t\t\/* see gallery_shortcode() in wp-includes\/media.php *\/\n\t\t<\/style>\n\t\t<div id='gallery-1' class='gallery galleryid-1077 gallery-columns-3 gallery-size-medium'><dl class='gallery-item'>\n\t\t\t<dt class='gallery-icon landscape'>\n\t\t\t\t<a href='https:\/\/www.choeur-et-passions.fr\/index.php\/2017\/02\/15\/assemblee-generale-3-janvier-2017\/p1010302\/#main'><img loading=\"lazy\" decoding=\"async\" width=\"300\" height=\"225\" src=\"https:\/\/www.choeur-et-passions.fr\/wp-content\/uploads\/2017\/02\/P1010302-300x225.jpg\" class=\"attachment-medium size-medium\" alt=\"\" srcset=\"https:\/\/www.choeur-et-passions.fr\/wp-content\/uploads\/2017\/02\/P1010302-300x225.jpg 300w, https:\/\/www.choeur-et-passions.fr\/wp-content\/uploads\/2017\/02\/P1010302-1024x768.jpg 1024w, https:\/\/www.choeur-et-passions.fr\/wp-content\/uploads\/2017\/02\/P1010302-533x400.jpg 533w, https:\/\/www.choeur-et-passions.fr\/wp-content\/uploads\/2017\/02\/P1010302.jpg 2048w\" sizes=\"auto, (max-width: 300px) 100vw, 300px\" \/><\/a>\n\t\t\t<\/dt><\/dl><dl class='gallery-item'>\n\t\t\t<dt class='gallery-icon landscape'>\n\t\t\t\t<a href='https:\/\/www.choeur-et-passions.fr\/index.php\/2017\/02\/15\/assemblee-generale-3-janvier-2017\/p1010304\/#main'><img loading=\"lazy\" decoding=\"async\" width=\"300\" height=\"225\" src=\"https:\/\/www.choeur-et-passions.fr\/wp-content\/uploads\/2017\/02\/P1010304-300x225.jpg\" class=\"attachment-medium size-medium\" alt=\"\" srcset=\"https:\/\/www.choeur-et-passions.fr\/wp-content\/uploads\/2017\/02\/P1010304-300x225.jpg 300w, https:\/\/www.choeur-et-passions.fr\/wp-content\/uploads\/2017\/02\/P1010304-1024x768.jpg 1024w, https:\/\/www.choeur-et-passions.fr\/wp-content\/uploads\/2017\/02\/P1010304-533x400.jpg 533w, https:\/\/www.choeur-et-passions.fr\/wp-content\/uploads\/2017\/02\/P1010304.jpg 2048w\" sizes=\"auto, (max-width: 300px) 100vw, 300px\" \/><\/a>\n\t\t\t<\/dt><\/dl><dl class='gallery-item'>\n\t\t\t<dt class='gallery-icon landscape'>\n\t\t\t\t<a href='https:\/\/www.choeur-et-passions.fr\/index.php\/2017\/02\/15\/assemblee-generale-3-janvier-2017\/p1010314\/#main'><img loading=\"lazy\" decoding=\"async\" width=\"300\" height=\"225\" src=\"https:\/\/www.choeur-et-passions.fr\/wp-content\/uploads\/2017\/02\/P1010314-300x225.jpg\" class=\"attachment-medium size-medium\" alt=\"\" srcset=\"https:\/\/www.choeur-et-passions.fr\/wp-content\/uploads\/2017\/02\/P1010314-300x225.jpg 300w, https:\/\/www.choeur-et-passions.fr\/wp-content\/uploads\/2017\/02\/P1010314-1024x768.jpg 1024w, https:\/\/www.choeur-et-passions.fr\/wp-content\/uploads\/2017\/02\/P1010314-533x400.jpg 533w, https:\/\/www.choeur-et-passions.fr\/wp-content\/uploads\/2017\/02\/P1010314.jpg 2048w\" sizes=\"auto, (max-width: 300px) 100vw, 300px\" \/><\/a>\n\t\t\t<\/dt><\/dl><br style=\"clear: both\" \/>\n\t\t<\/div>\n\n","protected":false},"excerpt":{"rendered":"<p>Le 3 janvier 2017, les membres de l\u2019Association se sont r\u00e9unis en Assembl\u00e9e G\u00e9n\u00e9rale \u00e0 l\u2019\u00e9cole \u00e9l\u00e9mentaire Toulouse Lautrec \u00e0 VILLENEUVE-D\u2019ASCQ, en pr\u00e9sence des repr\u00e9sentants de la municipalit\u00e9, Mme Roselyne Cinus et Mr Jean-Antoine Rossit. Mme Monique Lempereur s&rsquo;\u00e9tait excus\u00e9e. Apr\u00e8s avoir excus\u00e9 Murielle Vandenouc, chef de ch\u0153ur, souffrante et dans l\u2019incapacit\u00e9 d\u2019assister \u00e0 l\u2019Assembl\u00e9e [&hellip;]<\/p>\n","protected":false},"author":1,"featured_media":0,"comment_status":"open","ping_status":"open","sticky":false,"template":"","format":"standard","meta":{"ngg_post_thumbnail":0,"footnotes":""},"categories":[4],"tags":[],"class_list":["post-1077","post","type-post","status-publish","format-standard","hentry","category-actualites"],"yoast_head":"<!-- This site is optimized with the Yoast SEO plugin v27.4 - https:\/\/yoast.com\/product\/yoast-seo-wordpress\/ -->\n<title>Assembl\u00e9e g\u00e9n\u00e9rale | 3 janvier 2017 - Choeur &amp; Passions<\/title>\n<meta name=\"robots\" content=\"index, follow, max-snippet:-1, max-image-preview:large, max-video-preview:-1\" \/>\n<link rel=\"canonical\" href=\"https:\/\/www.choeur-et-passions.fr\/index.php\/2017\/02\/15\/assemblee-generale-3-janvier-2017\/\" \/>\n<meta property=\"og:locale\" content=\"fr_FR\" \/>\n<meta property=\"og:type\" content=\"article\" \/>\n<meta property=\"og:title\" content=\"Assembl\u00e9e g\u00e9n\u00e9rale | 3 janvier 2017 - Choeur &amp; Passions\" \/>\n<meta property=\"og:description\" content=\"Le 3 janvier 2017, les membres de l\u2019Association se sont r\u00e9unis en Assembl\u00e9e G\u00e9n\u00e9rale \u00e0 l\u2019\u00e9cole \u00e9l\u00e9mentaire Toulouse Lautrec \u00e0 VILLENEUVE-D\u2019ASCQ, en pr\u00e9sence des repr\u00e9sentants de la municipalit\u00e9, Mme Roselyne Cinus et Mr Jean-Antoine Rossit. Mme Monique Lempereur s&rsquo;\u00e9tait excus\u00e9e. Apr\u00e8s avoir excus\u00e9 Murielle Vandenouc, chef de ch\u0153ur, souffrante et dans l\u2019incapacit\u00e9 d\u2019assister \u00e0 l\u2019Assembl\u00e9e [&hellip;]\" \/>\n<meta property=\"og:url\" content=\"https:\/\/www.choeur-et-passions.fr\/index.php\/2017\/02\/15\/assemblee-generale-3-janvier-2017\/\" \/>\n<meta property=\"og:site_name\" content=\"Choeur &amp; Passions\" \/>\n<meta property=\"article:published_time\" content=\"2017-02-15T16:26:45+00:00\" \/>\n<meta property=\"article:modified_time\" content=\"2017-02-15T16:29:32+00:00\" \/>\n<meta property=\"og:image\" content=\"https:\/\/www.choeur-et-passions.fr\/wp-content\/uploads\/2017\/02\/P1010302-300x225.jpg\" \/>\n<meta name=\"author\" content=\"choeur_et_passions\" \/>\n<meta name=\"twitter:card\" content=\"summary_large_image\" \/>\n<meta name=\"twitter:label1\" content=\"\u00c9crit par\" \/>\n\t<meta name=\"twitter:data1\" content=\"choeur_et_passions\" \/>\n\t<meta name=\"twitter:label2\" content=\"Dur\u00e9e de lecture estim\u00e9e\" \/>\n\t<meta name=\"twitter:data2\" content=\"2 minutes\" \/>\n<script type=\"application\/ld+json\" class=\"yoast-schema-graph\">{\"@context\":\"https:\\\/\\\/schema.org\",\"@graph\":[{\"@type\":\"Article\",\"@id\":\"https:\\\/\\\/www.choeur-et-passions.fr\\\/index.php\\\/2017\\\/02\\\/15\\\/assemblee-generale-3-janvier-2017\\\/#article\",\"isPartOf\":{\"@id\":\"https:\\\/\\\/www.choeur-et-passions.fr\\\/index.php\\\/2017\\\/02\\\/15\\\/assemblee-generale-3-janvier-2017\\\/\"},\"author\":{\"name\":\"choeur_et_passions\",\"@id\":\"https:\\\/\\\/www.choeur-et-passions.fr\\\/#\\\/schema\\\/person\\\/1e57a13b27c14bc5942c8ccec5c890b1\"},\"headline\":\"Assembl\u00e9e g\u00e9n\u00e9rale | 3 janvier 2017\",\"datePublished\":\"2017-02-15T16:26:45+00:00\",\"dateModified\":\"2017-02-15T16:29:32+00:00\",\"mainEntityOfPage\":{\"@id\":\"https:\\\/\\\/www.choeur-et-passions.fr\\\/index.php\\\/2017\\\/02\\\/15\\\/assemblee-generale-3-janvier-2017\\\/\"},\"wordCount\":358,\"commentCount\":0,\"publisher\":{\"@id\":\"https:\\\/\\\/www.choeur-et-passions.fr\\\/#organization\"},\"image\":{\"@id\":\"https:\\\/\\\/www.choeur-et-passions.fr\\\/index.php\\\/2017\\\/02\\\/15\\\/assemblee-generale-3-janvier-2017\\\/#primaryimage\"},\"thumbnailUrl\":\"http:\\\/\\\/www.choeur-et-passions.fr\\\/wp-content\\\/uploads\\\/2017\\\/02\\\/P1010310-225x300.jpg\",\"articleSection\":[\"Actualit\u00e9s\"],\"inLanguage\":\"fr-FR\",\"potentialAction\":[{\"@type\":\"CommentAction\",\"name\":\"Comment\",\"target\":[\"https:\\\/\\\/www.choeur-et-passions.fr\\\/index.php\\\/2017\\\/02\\\/15\\\/assemblee-generale-3-janvier-2017\\\/#respond\"]}]},{\"@type\":\"WebPage\",\"@id\":\"https:\\\/\\\/www.choeur-et-passions.fr\\\/index.php\\\/2017\\\/02\\\/15\\\/assemblee-generale-3-janvier-2017\\\/\",\"url\":\"https:\\\/\\\/www.choeur-et-passions.fr\\\/index.php\\\/2017\\\/02\\\/15\\\/assemblee-generale-3-janvier-2017\\\/\",\"name\":\"Assembl\u00e9e g\u00e9n\u00e9rale | 3 janvier 2017 - Choeur &amp; Passions\",\"isPartOf\":{\"@id\":\"https:\\\/\\\/www.choeur-et-passions.fr\\\/#website\"},\"primaryImageOfPage\":{\"@id\":\"https:\\\/\\\/www.choeur-et-passions.fr\\\/index.php\\\/2017\\\/02\\\/15\\\/assemblee-generale-3-janvier-2017\\\/#primaryimage\"},\"image\":{\"@id\":\"https:\\\/\\\/www.choeur-et-passions.fr\\\/index.php\\\/2017\\\/02\\\/15\\\/assemblee-generale-3-janvier-2017\\\/#primaryimage\"},\"thumbnailUrl\":\"http:\\\/\\\/www.choeur-et-passions.fr\\\/wp-content\\\/uploads\\\/2017\\\/02\\\/P1010310-225x300.jpg\",\"datePublished\":\"2017-02-15T16:26:45+00:00\",\"dateModified\":\"2017-02-15T16:29:32+00:00\",\"breadcrumb\":{\"@id\":\"https:\\\/\\\/www.choeur-et-passions.fr\\\/index.php\\\/2017\\\/02\\\/15\\\/assemblee-generale-3-janvier-2017\\\/#breadcrumb\"},\"inLanguage\":\"fr-FR\",\"potentialAction\":[{\"@type\":\"ReadAction\",\"target\":[\"https:\\\/\\\/www.choeur-et-passions.fr\\\/index.php\\\/2017\\\/02\\\/15\\\/assemblee-generale-3-janvier-2017\\\/\"]}]},{\"@type\":\"ImageObject\",\"inLanguage\":\"fr-FR\",\"@id\":\"https:\\\/\\\/www.choeur-et-passions.fr\\\/index.php\\\/2017\\\/02\\\/15\\\/assemblee-generale-3-janvier-2017\\\/#primaryimage\",\"url\":\"https:\\\/\\\/www.choeur-et-passions.fr\\\/wp-content\\\/uploads\\\/2017\\\/02\\\/P1010310.jpg\",\"contentUrl\":\"https:\\\/\\\/www.choeur-et-passions.fr\\\/wp-content\\\/uploads\\\/2017\\\/02\\\/P1010310.jpg\",\"width\":1536,\"height\":2048},{\"@type\":\"BreadcrumbList\",\"@id\":\"https:\\\/\\\/www.choeur-et-passions.fr\\\/index.php\\\/2017\\\/02\\\/15\\\/assemblee-generale-3-janvier-2017\\\/#breadcrumb\",\"itemListElement\":[{\"@type\":\"ListItem\",\"position\":1,\"name\":\"Accueil\",\"item\":\"https:\\\/\\\/www.choeur-et-passions.fr\\\/\"},{\"@type\":\"ListItem\",\"position\":2,\"name\":\"Assembl\u00e9e g\u00e9n\u00e9rale | 3 janvier 2017\"}]},{\"@type\":\"WebSite\",\"@id\":\"https:\\\/\\\/www.choeur-et-passions.fr\\\/#website\",\"url\":\"https:\\\/\\\/www.choeur-et-passions.fr\\\/\",\"name\":\"Choeur & Passions\",\"description\":\"\",\"publisher\":{\"@id\":\"https:\\\/\\\/www.choeur-et-passions.fr\\\/#organization\"},\"potentialAction\":[{\"@type\":\"SearchAction\",\"target\":{\"@type\":\"EntryPoint\",\"urlTemplate\":\"https:\\\/\\\/www.choeur-et-passions.fr\\\/?s={search_term_string}\"},\"query-input\":{\"@type\":\"PropertyValueSpecification\",\"valueRequired\":true,\"valueName\":\"search_term_string\"}}],\"inLanguage\":\"fr-FR\"},{\"@type\":\"Organization\",\"@id\":\"https:\\\/\\\/www.choeur-et-passions.fr\\\/#organization\",\"name\":\"Choeur & Passions\",\"url\":\"https:\\\/\\\/www.choeur-et-passions.fr\\\/\",\"logo\":{\"@type\":\"ImageObject\",\"inLanguage\":\"fr-FR\",\"@id\":\"https:\\\/\\\/www.choeur-et-passions.fr\\\/#\\\/schema\\\/logo\\\/image\\\/\",\"url\":\"https:\\\/\\\/www.choeur-et-passions.fr\\\/wp-content\\\/uploads\\\/2024\\\/04\\\/logo-cep.gif\",\"contentUrl\":\"https:\\\/\\\/www.choeur-et-passions.fr\\\/wp-content\\\/uploads\\\/2024\\\/04\\\/logo-cep.gif\",\"width\":1970,\"height\":500,\"caption\":\"Choeur & Passions\"},\"image\":{\"@id\":\"https:\\\/\\\/www.choeur-et-passions.fr\\\/#\\\/schema\\\/logo\\\/image\\\/\"}},{\"@type\":\"Person\",\"@id\":\"https:\\\/\\\/www.choeur-et-passions.fr\\\/#\\\/schema\\\/person\\\/1e57a13b27c14bc5942c8ccec5c890b1\",\"name\":\"choeur_et_passions\",\"image\":{\"@type\":\"ImageObject\",\"inLanguage\":\"fr-FR\",\"@id\":\"https:\\\/\\\/secure.gravatar.com\\\/avatar\\\/d3628e043af31a00868fd400cda2e38cc5fea967e52784d3834c565a85f766f0?s=96&d=mm&r=g\",\"url\":\"https:\\\/\\\/secure.gravatar.com\\\/avatar\\\/d3628e043af31a00868fd400cda2e38cc5fea967e52784d3834c565a85f766f0?s=96&d=mm&r=g\",\"contentUrl\":\"https:\\\/\\\/secure.gravatar.com\\\/avatar\\\/d3628e043af31a00868fd400cda2e38cc5fea967e52784d3834c565a85f766f0?s=96&d=mm&r=g\",\"caption\":\"choeur_et_passions\"},\"url\":\"https:\\\/\\\/www.choeur-et-passions.fr\\\/index.php\\\/author\\\/admin\\\/\"}]}<\/script>\n<!-- \/ Yoast SEO plugin. -->","yoast_head_json":{"title":"Assembl\u00e9e g\u00e9n\u00e9rale | 3 janvier 2017 - Choeur &amp; Passions","robots":{"index":"index","follow":"follow","max-snippet":"max-snippet:-1","max-image-preview":"max-image-preview:large","max-video-preview":"max-video-preview:-1"},"canonical":"https:\/\/www.choeur-et-passions.fr\/index.php\/2017\/02\/15\/assemblee-generale-3-janvier-2017\/","og_locale":"fr_FR","og_type":"article","og_title":"Assembl\u00e9e g\u00e9n\u00e9rale | 3 janvier 2017 - Choeur &amp; Passions","og_description":"Le 3 janvier 2017, les membres de l\u2019Association se sont r\u00e9unis en Assembl\u00e9e G\u00e9n\u00e9rale \u00e0 l\u2019\u00e9cole \u00e9l\u00e9mentaire Toulouse Lautrec \u00e0 VILLENEUVE-D\u2019ASCQ, en pr\u00e9sence des repr\u00e9sentants de la municipalit\u00e9, Mme Roselyne Cinus et Mr Jean-Antoine Rossit. Mme Monique Lempereur s&rsquo;\u00e9tait excus\u00e9e. Apr\u00e8s avoir excus\u00e9 Murielle Vandenouc, chef de ch\u0153ur, souffrante et dans l\u2019incapacit\u00e9 d\u2019assister \u00e0 l\u2019Assembl\u00e9e [&hellip;]","og_url":"https:\/\/www.choeur-et-passions.fr\/index.php\/2017\/02\/15\/assemblee-generale-3-janvier-2017\/","og_site_name":"Choeur &amp; Passions","article_published_time":"2017-02-15T16:26:45+00:00","article_modified_time":"2017-02-15T16:29:32+00:00","og_image":[{"url":"https:\/\/www.choeur-et-passions.fr\/wp-content\/uploads\/2017\/02\/P1010302-300x225.jpg","type":"","width":"","height":""}],"author":"choeur_et_passions","twitter_card":"summary_large_image","twitter_misc":{"\u00c9crit par":"choeur_et_passions","Dur\u00e9e de lecture estim\u00e9e":"2 minutes"},"schema":{"@context":"https:\/\/schema.org","@graph":[{"@type":"Article","@id":"https:\/\/www.choeur-et-passions.fr\/index.php\/2017\/02\/15\/assemblee-generale-3-janvier-2017\/#article","isPartOf":{"@id":"https:\/\/www.choeur-et-passions.fr\/index.php\/2017\/02\/15\/assemblee-generale-3-janvier-2017\/"},"author":{"name":"choeur_et_passions","@id":"https:\/\/www.choeur-et-passions.fr\/#\/schema\/person\/1e57a13b27c14bc5942c8ccec5c890b1"},"headline":"Assembl\u00e9e g\u00e9n\u00e9rale | 3 janvier 2017","datePublished":"2017-02-15T16:26:45+00:00","dateModified":"2017-02-15T16:29:32+00:00","mainEntityOfPage":{"@id":"https:\/\/www.choeur-et-passions.fr\/index.php\/2017\/02\/15\/assemblee-generale-3-janvier-2017\/"},"wordCount":358,"commentCount":0,"publisher":{"@id":"https:\/\/www.choeur-et-passions.fr\/#organization"},"image":{"@id":"https:\/\/www.choeur-et-passions.fr\/index.php\/2017\/02\/15\/assemblee-generale-3-janvier-2017\/#primaryimage"},"thumbnailUrl":"http:\/\/www.choeur-et-passions.fr\/wp-content\/uploads\/2017\/02\/P1010310-225x300.jpg","articleSection":["Actualit\u00e9s"],"inLanguage":"fr-FR","potentialAction":[{"@type":"CommentAction","name":"Comment","target":["https:\/\/www.choeur-et-passions.fr\/index.php\/2017\/02\/15\/assemblee-generale-3-janvier-2017\/#respond"]}]},{"@type":"WebPage","@id":"https:\/\/www.choeur-et-passions.fr\/index.php\/2017\/02\/15\/assemblee-generale-3-janvier-2017\/","url":"https:\/\/www.choeur-et-passions.fr\/index.php\/2017\/02\/15\/assemblee-generale-3-janvier-2017\/","name":"Assembl\u00e9e g\u00e9n\u00e9rale | 3 janvier 2017 - Choeur &amp; Passions","isPartOf":{"@id":"https:\/\/www.choeur-et-passions.fr\/#website"},"primaryImageOfPage":{"@id":"https:\/\/www.choeur-et-passions.fr\/index.php\/2017\/02\/15\/assemblee-generale-3-janvier-2017\/#primaryimage"},"image":{"@id":"https:\/\/www.choeur-et-passions.fr\/index.php\/2017\/02\/15\/assemblee-generale-3-janvier-2017\/#primaryimage"},"thumbnailUrl":"http:\/\/www.choeur-et-passions.fr\/wp-content\/uploads\/2017\/02\/P1010310-225x300.jpg","datePublished":"2017-02-15T16:26:45+00:00","dateModified":"2017-02-15T16:29:32+00:00","breadcrumb":{"@id":"https:\/\/www.choeur-et-passions.fr\/index.php\/2017\/02\/15\/assemblee-generale-3-janvier-2017\/#breadcrumb"},"inLanguage":"fr-FR","potentialAction":[{"@type":"ReadAction","target":["https:\/\/www.choeur-et-passions.fr\/index.php\/2017\/02\/15\/assemblee-generale-3-janvier-2017\/"]}]},{"@type":"ImageObject","inLanguage":"fr-FR","@id":"https:\/\/www.choeur-et-passions.fr\/index.php\/2017\/02\/15\/assemblee-generale-3-janvier-2017\/#primaryimage","url":"https:\/\/www.choeur-et-passions.fr\/wp-content\/uploads\/2017\/02\/P1010310.jpg","contentUrl":"https:\/\/www.choeur-et-passions.fr\/wp-content\/uploads\/2017\/02\/P1010310.jpg","width":1536,"height":2048},{"@type":"BreadcrumbList","@id":"https:\/\/www.choeur-et-passions.fr\/index.php\/2017\/02\/15\/assemblee-generale-3-janvier-2017\/#breadcrumb","itemListElement":[{"@type":"ListItem","position":1,"name":"Accueil","item":"https:\/\/www.choeur-et-passions.fr\/"},{"@type":"ListItem","position":2,"name":"Assembl\u00e9e g\u00e9n\u00e9rale | 3 janvier 2017"}]},{"@type":"WebSite","@id":"https:\/\/www.choeur-et-passions.fr\/#website","url":"https:\/\/www.choeur-et-passions.fr\/","name":"Choeur & Passions","description":"","publisher":{"@id":"https:\/\/www.choeur-et-passions.fr\/#organization"},"potentialAction":[{"@type":"SearchAction","target":{"@type":"EntryPoint","urlTemplate":"https:\/\/www.choeur-et-passions.fr\/?s={search_term_string}"},"query-input":{"@type":"PropertyValueSpecification","valueRequired":true,"valueName":"search_term_string"}}],"inLanguage":"fr-FR"},{"@type":"Organization","@id":"https:\/\/www.choeur-et-passions.fr\/#organization","name":"Choeur & Passions","url":"https:\/\/www.choeur-et-passions.fr\/","logo":{"@type":"ImageObject","inLanguage":"fr-FR","@id":"https:\/\/www.choeur-et-passions.fr\/#\/schema\/logo\/image\/","url":"https:\/\/www.choeur-et-passions.fr\/wp-content\/uploads\/2024\/04\/logo-cep.gif","contentUrl":"https:\/\/www.choeur-et-passions.fr\/wp-content\/uploads\/2024\/04\/logo-cep.gif","width":1970,"height":500,"caption":"Choeur & Passions"},"image":{"@id":"https:\/\/www.choeur-et-passions.fr\/#\/schema\/logo\/image\/"}},{"@type":"Person","@id":"https:\/\/www.choeur-et-passions.fr\/#\/schema\/person\/1e57a13b27c14bc5942c8ccec5c890b1","name":"choeur_et_passions","image":{"@type":"ImageObject","inLanguage":"fr-FR","@id":"https:\/\/secure.gravatar.com\/avatar\/d3628e043af31a00868fd400cda2e38cc5fea967e52784d3834c565a85f766f0?s=96&d=mm&r=g","url":"https:\/\/secure.gravatar.com\/avatar\/d3628e043af31a00868fd400cda2e38cc5fea967e52784d3834c565a85f766f0?s=96&d=mm&r=g","contentUrl":"https:\/\/secure.gravatar.com\/avatar\/d3628e043af31a00868fd400cda2e38cc5fea967e52784d3834c565a85f766f0?s=96&d=mm&r=g","caption":"choeur_et_passions"},"url":"https:\/\/www.choeur-et-passions.fr\/index.php\/author\/admin\/"}]}},"_links":{"self":[{"href":"https:\/\/www.choeur-et-passions.fr\/index.php\/wp-json\/wp\/v2\/posts\/1077","targetHints":{"allow":["GET"]}}],"collection":[{"href":"https:\/\/www.choeur-et-passions.fr\/index.php\/wp-json\/wp\/v2\/posts"}],"about":[{"href":"https:\/\/www.choeur-et-passions.fr\/index.php\/wp-json\/wp\/v2\/types\/post"}],"author":[{"embeddable":true,"href":"https:\/\/www.choeur-et-passions.fr\/index.php\/wp-json\/wp\/v2\/users\/1"}],"replies":[{"embeddable":true,"href":"https:\/\/www.choeur-et-passions.fr\/index.php\/wp-json\/wp\/v2\/comments?post=1077"}],"version-history":[{"count":6,"href":"https:\/\/www.choeur-et-passions.fr\/index.php\/wp-json\/wp\/v2\/posts\/1077\/revisions"}],"predecessor-version":[{"id":1087,"href":"https:\/\/www.choeur-et-passions.fr\/index.php\/wp-json\/wp\/v2\/posts\/1077\/revisions\/1087"}],"wp:attachment":[{"href":"https:\/\/www.choeur-et-passions.fr\/index.php\/wp-json\/wp\/v2\/media?parent=1077"}],"wp:term":[{"taxonomy":"category","embeddable":true,"href":"https:\/\/www.choeur-et-passions.fr\/index.php\/wp-json\/wp\/v2\/categories?post=1077"},{"taxonomy":"post_tag","embeddable":true,"href":"https:\/\/www.choeur-et-passions.fr\/index.php\/wp-json\/wp\/v2\/tags?post=1077"}],"curies":[{"name":"wp","href":"https:\/\/api.w.org\/{rel}","templated":true}]}}