{"id":233,"date":"2016-01-15T15:34:33","date_gmt":"2016-01-15T14:34:33","guid":{"rendered":"http:\/\/choeur-et-passions.fr\/wordpress\/?p=233"},"modified":"2016-02-23T15:42:36","modified_gmt":"2016-02-23T14:42:36","slug":"ag-2016","status":"publish","type":"post","link":"https:\/\/www.choeur-et-passions.fr\/index.php\/2016\/01\/15\/ag-2016\/","title":{"rendered":"AG 2016"},"content":{"rendered":"<p id=\"yui_3_16_0_1_1456232921400_6928\">Cette ann\u00e9e, le mardi 5 janvier, la chorale Ch\u0153ur et Passions a r\u00e9uni son<strong id=\"yui_3_16_0_1_1456232921400_6936\"> assembl\u00e9e g\u00e9n\u00e9rale.<\/strong> Les choristes et leur chef de ch\u0153ur \u00e9taient quasi au complet pour dresser le bilan des activit\u00e9s et parler des finances.<\/p>\n<p id=\"yui_3_16_0_1_1456232921400_6923\">Pour la chorale Ch\u0153ur et Passions, ce fut l\u2019occasion de se souhaiter<strong id=\"yui_3_16_0_1_1456232921400_6929\"> une excellente ann\u00e9e ax\u00e9e sur le jubil\u00e9 <\/strong>et d&rsquo;ouvrir des pistes musicales pour le reste de la saison. Le bilan des douze derniers mois \u00e9coul\u00e9s a \u00e9t\u00e9 reconnu positif, quitus a \u00e9t\u00e9 donn\u00e9 \u00e0 l&rsquo;unanimit\u00e9 au conseil d&rsquo;administration.<\/p>\n","protected":false},"excerpt":{"rendered":"<p>Cette ann\u00e9e, le mardi 5 janvier, la chorale Ch\u0153ur et Passions a r\u00e9uni son assembl\u00e9e g\u00e9n\u00e9rale. Les choristes et leur chef de ch\u0153ur \u00e9taient quasi au complet pour dresser le bilan des activit\u00e9s et parler des finances. Pour la chorale Ch\u0153ur et Passions, ce fut l\u2019occasion de se souhaiter une excellente ann\u00e9e ax\u00e9e sur le [&hellip;]<\/p>\n","protected":false},"author":1,"featured_media":0,"comment_status":"open","ping_status":"open","sticky":false,"template":"","format":"standard","meta":{"ngg_post_thumbnail":0,"footnotes":""},"categories":[4],"tags":[],"class_list":["post-233","post","type-post","status-publish","format-standard","hentry","category-actualites"],"yoast_head":"<!-- This site is optimized with the Yoast SEO plugin v27.4 - https:\/\/yoast.com\/product\/yoast-seo-wordpress\/ -->\n<title>AG 2016 - Choeur &amp; Passions<\/title>\n<meta name=\"robots\" content=\"index, follow, max-snippet:-1, max-image-preview:large, max-video-preview:-1\" \/>\n<link rel=\"canonical\" href=\"https:\/\/www.choeur-et-passions.fr\/index.php\/2016\/01\/15\/ag-2016\/\" \/>\n<meta property=\"og:locale\" content=\"fr_FR\" \/>\n<meta property=\"og:type\" content=\"article\" \/>\n<meta property=\"og:title\" content=\"AG 2016 - Choeur &amp; Passions\" \/>\n<meta property=\"og:description\" content=\"Cette ann\u00e9e, le mardi 5 janvier, la chorale Ch\u0153ur et Passions a r\u00e9uni son assembl\u00e9e g\u00e9n\u00e9rale. Les choristes et leur chef de ch\u0153ur \u00e9taient quasi au complet pour dresser le bilan des activit\u00e9s et parler des finances. Pour la chorale Ch\u0153ur et Passions, ce fut l\u2019occasion de se souhaiter une excellente ann\u00e9e ax\u00e9e sur le [&hellip;]\" \/>\n<meta property=\"og:url\" content=\"https:\/\/www.choeur-et-passions.fr\/index.php\/2016\/01\/15\/ag-2016\/\" \/>\n<meta property=\"og:site_name\" content=\"Choeur &amp; Passions\" \/>\n<meta property=\"article:published_time\" content=\"2016-01-15T14:34:33+00:00\" \/>\n<meta property=\"article:modified_time\" content=\"2016-02-23T14:42:36+00:00\" \/>\n<meta name=\"author\" content=\"choeur_et_passions\" \/>\n<meta name=\"twitter:card\" content=\"summary_large_image\" \/>\n<meta name=\"twitter:label1\" content=\"\u00c9crit par\" \/>\n\t<meta name=\"twitter:data1\" content=\"choeur_et_passions\" \/>\n<script type=\"application\/ld+json\" class=\"yoast-schema-graph\">{\"@context\":\"https:\\\/\\\/schema.org\",\"@graph\":[{\"@type\":\"Article\",\"@id\":\"https:\\\/\\\/www.choeur-et-passions.fr\\\/index.php\\\/2016\\\/01\\\/15\\\/ag-2016\\\/#article\",\"isPartOf\":{\"@id\":\"https:\\\/\\\/www.choeur-et-passions.fr\\\/index.php\\\/2016\\\/01\\\/15\\\/ag-2016\\\/\"},\"author\":{\"name\":\"choeur_et_passions\",\"@id\":\"https:\\\/\\\/www.choeur-et-passions.fr\\\/#\\\/schema\\\/person\\\/1e57a13b27c14bc5942c8ccec5c890b1\"},\"headline\":\"AG 2016\",\"datePublished\":\"2016-01-15T14:34:33+00:00\",\"dateModified\":\"2016-02-23T14:42:36+00:00\",\"mainEntityOfPage\":{\"@id\":\"https:\\\/\\\/www.choeur-et-passions.fr\\\/index.php\\\/2016\\\/01\\\/15\\\/ag-2016\\\/\"},\"wordCount\":102,\"commentCount\":0,\"publisher\":{\"@id\":\"https:\\\/\\\/www.choeur-et-passions.fr\\\/#organization\"},\"articleSection\":[\"Actualit\u00e9s\"],\"inLanguage\":\"fr-FR\",\"potentialAction\":[{\"@type\":\"CommentAction\",\"name\":\"Comment\",\"target\":[\"https:\\\/\\\/www.choeur-et-passions.fr\\\/index.php\\\/2016\\\/01\\\/15\\\/ag-2016\\\/#respond\"]}]},{\"@type\":\"WebPage\",\"@id\":\"https:\\\/\\\/www.choeur-et-passions.fr\\\/index.php\\\/2016\\\/01\\\/15\\\/ag-2016\\\/\",\"url\":\"https:\\\/\\\/www.choeur-et-passions.fr\\\/index.php\\\/2016\\\/01\\\/15\\\/ag-2016\\\/\",\"name\":\"AG 2016 - Choeur &amp; Passions\",\"isPartOf\":{\"@id\":\"https:\\\/\\\/www.choeur-et-passions.fr\\\/#website\"},\"datePublished\":\"2016-01-15T14:34:33+00:00\",\"dateModified\":\"2016-02-23T14:42:36+00:00\",\"breadcrumb\":{\"@id\":\"https:\\\/\\\/www.choeur-et-passions.fr\\\/index.php\\\/2016\\\/01\\\/15\\\/ag-2016\\\/#breadcrumb\"},\"inLanguage\":\"fr-FR\",\"potentialAction\":[{\"@type\":\"ReadAction\",\"target\":[\"https:\\\/\\\/www.choeur-et-passions.fr\\\/index.php\\\/2016\\\/01\\\/15\\\/ag-2016\\\/\"]}]},{\"@type\":\"BreadcrumbList\",\"@id\":\"https:\\\/\\\/www.choeur-et-passions.fr\\\/index.php\\\/2016\\\/01\\\/15\\\/ag-2016\\\/#breadcrumb\",\"itemListElement\":[{\"@type\":\"ListItem\",\"position\":1,\"name\":\"Accueil\",\"item\":\"https:\\\/\\\/www.choeur-et-passions.fr\\\/\"},{\"@type\":\"ListItem\",\"position\":2,\"name\":\"AG 2016\"}]},{\"@type\":\"WebSite\",\"@id\":\"https:\\\/\\\/www.choeur-et-passions.fr\\\/#website\",\"url\":\"https:\\\/\\\/www.choeur-et-passions.fr\\\/\",\"name\":\"Choeur & Passions\",\"description\":\"\",\"publisher\":{\"@id\":\"https:\\\/\\\/www.choeur-et-passions.fr\\\/#organization\"},\"potentialAction\":[{\"@type\":\"SearchAction\",\"target\":{\"@type\":\"EntryPoint\",\"urlTemplate\":\"https:\\\/\\\/www.choeur-et-passions.fr\\\/?s={search_term_string}\"},\"query-input\":{\"@type\":\"PropertyValueSpecification\",\"valueRequired\":true,\"valueName\":\"search_term_string\"}}],\"inLanguage\":\"fr-FR\"},{\"@type\":\"Organization\",\"@id\":\"https:\\\/\\\/www.choeur-et-passions.fr\\\/#organization\",\"name\":\"Choeur & Passions\",\"url\":\"https:\\\/\\\/www.choeur-et-passions.fr\\\/\",\"logo\":{\"@type\":\"ImageObject\",\"inLanguage\":\"fr-FR\",\"@id\":\"https:\\\/\\\/www.choeur-et-passions.fr\\\/#\\\/schema\\\/logo\\\/image\\\/\",\"url\":\"https:\\\/\\\/www.choeur-et-passions.fr\\\/wp-content\\\/uploads\\\/2024\\\/04\\\/logo-cep.gif\",\"contentUrl\":\"https:\\\/\\\/www.choeur-et-passions.fr\\\/wp-content\\\/uploads\\\/2024\\\/04\\\/logo-cep.gif\",\"width\":1970,\"height\":500,\"caption\":\"Choeur & Passions\"},\"image\":{\"@id\":\"https:\\\/\\\/www.choeur-et-passions.fr\\\/#\\\/schema\\\/logo\\\/image\\\/\"}},{\"@type\":\"Person\",\"@id\":\"https:\\\/\\\/www.choeur-et-passions.fr\\\/#\\\/schema\\\/person\\\/1e57a13b27c14bc5942c8ccec5c890b1\",\"name\":\"choeur_et_passions\",\"image\":{\"@type\":\"ImageObject\",\"inLanguage\":\"fr-FR\",\"@id\":\"https:\\\/\\\/secure.gravatar.com\\\/avatar\\\/d3628e043af31a00868fd400cda2e38cc5fea967e52784d3834c565a85f766f0?s=96&d=mm&r=g\",\"url\":\"https:\\\/\\\/secure.gravatar.com\\\/avatar\\\/d3628e043af31a00868fd400cda2e38cc5fea967e52784d3834c565a85f766f0?s=96&d=mm&r=g\",\"contentUrl\":\"https:\\\/\\\/secure.gravatar.com\\\/avatar\\\/d3628e043af31a00868fd400cda2e38cc5fea967e52784d3834c565a85f766f0?s=96&d=mm&r=g\",\"caption\":\"choeur_et_passions\"},\"url\":\"https:\\\/\\\/www.choeur-et-passions.fr\\\/index.php\\\/author\\\/admin\\\/\"}]}<\/script>\n<!-- \/ Yoast SEO plugin. -->","yoast_head_json":{"title":"AG 2016 - Choeur &amp; Passions","robots":{"index":"index","follow":"follow","max-snippet":"max-snippet:-1","max-image-preview":"max-image-preview:large","max-video-preview":"max-video-preview:-1"},"canonical":"https:\/\/www.choeur-et-passions.fr\/index.php\/2016\/01\/15\/ag-2016\/","og_locale":"fr_FR","og_type":"article","og_title":"AG 2016 - Choeur &amp; Passions","og_description":"Cette ann\u00e9e, le mardi 5 janvier, la chorale Ch\u0153ur et Passions a r\u00e9uni son assembl\u00e9e g\u00e9n\u00e9rale. Les choristes et leur chef de ch\u0153ur \u00e9taient quasi au complet pour dresser le bilan des activit\u00e9s et parler des finances. Pour la chorale Ch\u0153ur et Passions, ce fut l\u2019occasion de se souhaiter une excellente ann\u00e9e ax\u00e9e sur le [&hellip;]","og_url":"https:\/\/www.choeur-et-passions.fr\/index.php\/2016\/01\/15\/ag-2016\/","og_site_name":"Choeur &amp; Passions","article_published_time":"2016-01-15T14:34:33+00:00","article_modified_time":"2016-02-23T14:42:36+00:00","author":"choeur_et_passions","twitter_card":"summary_large_image","twitter_misc":{"\u00c9crit par":"choeur_et_passions"},"schema":{"@context":"https:\/\/schema.org","@graph":[{"@type":"Article","@id":"https:\/\/www.choeur-et-passions.fr\/index.php\/2016\/01\/15\/ag-2016\/#article","isPartOf":{"@id":"https:\/\/www.choeur-et-passions.fr\/index.php\/2016\/01\/15\/ag-2016\/"},"author":{"name":"choeur_et_passions","@id":"https:\/\/www.choeur-et-passions.fr\/#\/schema\/person\/1e57a13b27c14bc5942c8ccec5c890b1"},"headline":"AG 2016","datePublished":"2016-01-15T14:34:33+00:00","dateModified":"2016-02-23T14:42:36+00:00","mainEntityOfPage":{"@id":"https:\/\/www.choeur-et-passions.fr\/index.php\/2016\/01\/15\/ag-2016\/"},"wordCount":102,"commentCount":0,"publisher":{"@id":"https:\/\/www.choeur-et-passions.fr\/#organization"},"articleSection":["Actualit\u00e9s"],"inLanguage":"fr-FR","potentialAction":[{"@type":"CommentAction","name":"Comment","target":["https:\/\/www.choeur-et-passions.fr\/index.php\/2016\/01\/15\/ag-2016\/#respond"]}]},{"@type":"WebPage","@id":"https:\/\/www.choeur-et-passions.fr\/index.php\/2016\/01\/15\/ag-2016\/","url":"https:\/\/www.choeur-et-passions.fr\/index.php\/2016\/01\/15\/ag-2016\/","name":"AG 2016 - Choeur &amp; Passions","isPartOf":{"@id":"https:\/\/www.choeur-et-passions.fr\/#website"},"datePublished":"2016-01-15T14:34:33+00:00","dateModified":"2016-02-23T14:42:36+00:00","breadcrumb":{"@id":"https:\/\/www.choeur-et-passions.fr\/index.php\/2016\/01\/15\/ag-2016\/#breadcrumb"},"inLanguage":"fr-FR","potentialAction":[{"@type":"ReadAction","target":["https:\/\/www.choeur-et-passions.fr\/index.php\/2016\/01\/15\/ag-2016\/"]}]},{"@type":"BreadcrumbList","@id":"https:\/\/www.choeur-et-passions.fr\/index.php\/2016\/01\/15\/ag-2016\/#breadcrumb","itemListElement":[{"@type":"ListItem","position":1,"name":"Accueil","item":"https:\/\/www.choeur-et-passions.fr\/"},{"@type":"ListItem","position":2,"name":"AG 2016"}]},{"@type":"WebSite","@id":"https:\/\/www.choeur-et-passions.fr\/#website","url":"https:\/\/www.choeur-et-passions.fr\/","name":"Choeur & Passions","description":"","publisher":{"@id":"https:\/\/www.choeur-et-passions.fr\/#organization"},"potentialAction":[{"@type":"SearchAction","target":{"@type":"EntryPoint","urlTemplate":"https:\/\/www.choeur-et-passions.fr\/?s={search_term_string}"},"query-input":{"@type":"PropertyValueSpecification","valueRequired":true,"valueName":"search_term_string"}}],"inLanguage":"fr-FR"},{"@type":"Organization","@id":"https:\/\/www.choeur-et-passions.fr\/#organization","name":"Choeur & Passions","url":"https:\/\/www.choeur-et-passions.fr\/","logo":{"@type":"ImageObject","inLanguage":"fr-FR","@id":"https:\/\/www.choeur-et-passions.fr\/#\/schema\/logo\/image\/","url":"https:\/\/www.choeur-et-passions.fr\/wp-content\/uploads\/2024\/04\/logo-cep.gif","contentUrl":"https:\/\/www.choeur-et-passions.fr\/wp-content\/uploads\/2024\/04\/logo-cep.gif","width":1970,"height":500,"caption":"Choeur & Passions"},"image":{"@id":"https:\/\/www.choeur-et-passions.fr\/#\/schema\/logo\/image\/"}},{"@type":"Person","@id":"https:\/\/www.choeur-et-passions.fr\/#\/schema\/person\/1e57a13b27c14bc5942c8ccec5c890b1","name":"choeur_et_passions","image":{"@type":"ImageObject","inLanguage":"fr-FR","@id":"https:\/\/secure.gravatar.com\/avatar\/d3628e043af31a00868fd400cda2e38cc5fea967e52784d3834c565a85f766f0?s=96&d=mm&r=g","url":"https:\/\/secure.gravatar.com\/avatar\/d3628e043af31a00868fd400cda2e38cc5fea967e52784d3834c565a85f766f0?s=96&d=mm&r=g","contentUrl":"https:\/\/secure.gravatar.com\/avatar\/d3628e043af31a00868fd400cda2e38cc5fea967e52784d3834c565a85f766f0?s=96&d=mm&r=g","caption":"choeur_et_passions"},"url":"https:\/\/www.choeur-et-passions.fr\/index.php\/author\/admin\/"}]}},"_links":{"self":[{"href":"https:\/\/www.choeur-et-passions.fr\/index.php\/wp-json\/wp\/v2\/posts\/233","targetHints":{"allow":["GET"]}}],"collection":[{"href":"https:\/\/www.choeur-et-passions.fr\/index.php\/wp-json\/wp\/v2\/posts"}],"about":[{"href":"https:\/\/www.choeur-et-passions.fr\/index.php\/wp-json\/wp\/v2\/types\/post"}],"author":[{"embeddable":true,"href":"https:\/\/www.choeur-et-passions.fr\/index.php\/wp-json\/wp\/v2\/users\/1"}],"replies":[{"embeddable":true,"href":"https:\/\/www.choeur-et-passions.fr\/index.php\/wp-json\/wp\/v2\/comments?post=233"}],"version-history":[{"count":1,"href":"https:\/\/www.choeur-et-passions.fr\/index.php\/wp-json\/wp\/v2\/posts\/233\/revisions"}],"predecessor-version":[{"id":234,"href":"https:\/\/www.choeur-et-passions.fr\/index.php\/wp-json\/wp\/v2\/posts\/233\/revisions\/234"}],"wp:attachment":[{"href":"https:\/\/www.choeur-et-passions.fr\/index.php\/wp-json\/wp\/v2\/media?parent=233"}],"wp:term":[{"taxonomy":"category","embeddable":true,"href":"https:\/\/www.choeur-et-passions.fr\/index.php\/wp-json\/wp\/v2\/categories?post=233"},{"taxonomy":"post_tag","embeddable":true,"href":"https:\/\/www.choeur-et-passions.fr\/index.php\/wp-json\/wp\/v2\/tags?post=233"}],"curies":[{"name":"wp","href":"https:\/\/api.w.org\/{rel}","templated":true}]}}