{"id":2519,"date":"2020-06-13T12:13:00","date_gmt":"2020-06-13T11:13:00","guid":{"rendered":"http:\/\/www.choeur-et-passions.fr\/?p=2519"},"modified":"2022-08-20T17:06:21","modified_gmt":"2022-08-20T16:06:21","slug":"crise-sanitaire","status":"publish","type":"post","link":"https:\/\/www.choeur-et-passions.fr\/index.php\/2020\/06\/13\/crise-sanitaire\/","title":{"rendered":"Crise sanitaire"},"content":{"rendered":"<hr>\n<p style=\"text-align: left; padding-left: 40px;\">Bonjour ch\u00e8res amies et chers amis de Ch\u0153ur et Passions.<\/p>\n<p style=\"text-align: left;\">Nous vous esp\u00e9rons tous en bonne sant\u00e9, et que tout s&rsquo;est bien pass\u00e9 pour vous pendant cette p\u00e9riode difficile.<\/p>\n<p style=\"text-align: left;\">En raison de la crise sanitaire, nous avons bien s\u00fbr d\u00fb annuler le concert pr\u00e9vu le 13 juin avec le choeur de fl\u00fbtes de la Lys (Ville d&rsquo;Halluin).<\/p>\n<p style=\"text-align: left;\">A la place, nous vous proposons ce joli moment musical offert par l&rsquo;Orchestre Symphonique europ\u00e9en.<\/p>\n<p style=\"text-align: left;\">Laurence, notre cheffe de choeur, y participe ; au hautbois dans son jardin. Profitez de ce beau moment de bonheur musical.<\/p>\n<p style=\"text-align: left;\">Et au plaisir de vous retrouver pour notre prochain concert. Quand ? O\u00f9 ? l&rsquo;avenir nous le dira<\/p>\n<p><iframe loading=\"lazy\" src=\"https:\/\/www.youtube.com\/embed\/1uf3P9OzMZQ\" allow=\"accelerometer; autoplay; clipboard-write; encrypted-media; gyroscope; picture-in-picture\" allowfullscreen=\"\" width=\"578\" height=\"326\" frameborder=\"0\"><\/iframe><\/p>\n<hr>\n","protected":false},"excerpt":{"rendered":"<p>Bonjour ch\u00e8res amies et chers amis de Ch\u0153ur et Passions. Nous vous esp\u00e9rons tous en bonne sant\u00e9, et que tout s&rsquo;est bien pass\u00e9 pour vous pendant cette p\u00e9riode difficile. En raison de la crise sanitaire, nous avons bien s\u00fbr d\u00fb annuler le concert pr\u00e9vu le 13 juin avec le choeur de fl\u00fbtes de la Lys [&hellip;]<\/p>\n","protected":false},"author":1,"featured_media":0,"comment_status":"closed","ping_status":"open","sticky":false,"template":"","format":"standard","meta":{"ngg_post_thumbnail":0,"footnotes":""},"categories":[4],"tags":[],"class_list":["post-2519","post","type-post","status-publish","format-standard","hentry","category-actualites"],"yoast_head":"<!-- This site is optimized with the Yoast SEO plugin v27.4 - https:\/\/yoast.com\/product\/yoast-seo-wordpress\/ -->\n<title>Crise sanitaire - Choeur &amp; Passions<\/title>\n<meta name=\"robots\" content=\"index, follow, max-snippet:-1, max-image-preview:large, max-video-preview:-1\" \/>\n<link rel=\"canonical\" href=\"https:\/\/www.choeur-et-passions.fr\/index.php\/2020\/06\/13\/crise-sanitaire\/\" \/>\n<meta property=\"og:locale\" content=\"fr_FR\" \/>\n<meta property=\"og:type\" content=\"article\" \/>\n<meta property=\"og:title\" content=\"Crise sanitaire - Choeur &amp; Passions\" \/>\n<meta property=\"og:description\" content=\"Bonjour ch\u00e8res amies et chers amis de Ch\u0153ur et Passions. Nous vous esp\u00e9rons tous en bonne sant\u00e9, et que tout s&rsquo;est bien pass\u00e9 pour vous pendant cette p\u00e9riode difficile. En raison de la crise sanitaire, nous avons bien s\u00fbr d\u00fb annuler le concert pr\u00e9vu le 13 juin avec le choeur de fl\u00fbtes de la Lys [&hellip;]\" \/>\n<meta property=\"og:url\" content=\"https:\/\/www.choeur-et-passions.fr\/index.php\/2020\/06\/13\/crise-sanitaire\/\" \/>\n<meta property=\"og:site_name\" content=\"Choeur &amp; Passions\" \/>\n<meta property=\"article:published_time\" content=\"2020-06-13T11:13:00+00:00\" \/>\n<meta property=\"article:modified_time\" content=\"2022-08-20T16:06:21+00:00\" \/>\n<meta name=\"author\" content=\"choeur_et_passions\" \/>\n<meta name=\"twitter:card\" content=\"summary_large_image\" \/>\n<meta name=\"twitter:label1\" content=\"\u00c9crit par\" \/>\n\t<meta name=\"twitter:data1\" content=\"choeur_et_passions\" \/>\n\t<meta name=\"twitter:label2\" content=\"Dur\u00e9e de lecture estim\u00e9e\" \/>\n\t<meta name=\"twitter:data2\" content=\"1 minute\" \/>\n<script type=\"application\/ld+json\" class=\"yoast-schema-graph\">{\"@context\":\"https:\\\/\\\/schema.org\",\"@graph\":[{\"@type\":\"Article\",\"@id\":\"https:\\\/\\\/www.choeur-et-passions.fr\\\/index.php\\\/2020\\\/06\\\/13\\\/crise-sanitaire\\\/#article\",\"isPartOf\":{\"@id\":\"https:\\\/\\\/www.choeur-et-passions.fr\\\/index.php\\\/2020\\\/06\\\/13\\\/crise-sanitaire\\\/\"},\"author\":{\"name\":\"choeur_et_passions\",\"@id\":\"https:\\\/\\\/www.choeur-et-passions.fr\\\/#\\\/schema\\\/person\\\/1e57a13b27c14bc5942c8ccec5c890b1\"},\"headline\":\"Crise sanitaire\",\"datePublished\":\"2020-06-13T11:13:00+00:00\",\"dateModified\":\"2022-08-20T16:06:21+00:00\",\"mainEntityOfPage\":{\"@id\":\"https:\\\/\\\/www.choeur-et-passions.fr\\\/index.php\\\/2020\\\/06\\\/13\\\/crise-sanitaire\\\/\"},\"wordCount\":121,\"publisher\":{\"@id\":\"https:\\\/\\\/www.choeur-et-passions.fr\\\/#organization\"},\"articleSection\":[\"Actualit\u00e9s\"],\"inLanguage\":\"fr-FR\"},{\"@type\":\"WebPage\",\"@id\":\"https:\\\/\\\/www.choeur-et-passions.fr\\\/index.php\\\/2020\\\/06\\\/13\\\/crise-sanitaire\\\/\",\"url\":\"https:\\\/\\\/www.choeur-et-passions.fr\\\/index.php\\\/2020\\\/06\\\/13\\\/crise-sanitaire\\\/\",\"name\":\"Crise sanitaire - Choeur &amp; Passions\",\"isPartOf\":{\"@id\":\"https:\\\/\\\/www.choeur-et-passions.fr\\\/#website\"},\"datePublished\":\"2020-06-13T11:13:00+00:00\",\"dateModified\":\"2022-08-20T16:06:21+00:00\",\"breadcrumb\":{\"@id\":\"https:\\\/\\\/www.choeur-et-passions.fr\\\/index.php\\\/2020\\\/06\\\/13\\\/crise-sanitaire\\\/#breadcrumb\"},\"inLanguage\":\"fr-FR\",\"potentialAction\":[{\"@type\":\"ReadAction\",\"target\":[\"https:\\\/\\\/www.choeur-et-passions.fr\\\/index.php\\\/2020\\\/06\\\/13\\\/crise-sanitaire\\\/\"]}]},{\"@type\":\"BreadcrumbList\",\"@id\":\"https:\\\/\\\/www.choeur-et-passions.fr\\\/index.php\\\/2020\\\/06\\\/13\\\/crise-sanitaire\\\/#breadcrumb\",\"itemListElement\":[{\"@type\":\"ListItem\",\"position\":1,\"name\":\"Accueil\",\"item\":\"https:\\\/\\\/www.choeur-et-passions.fr\\\/\"},{\"@type\":\"ListItem\",\"position\":2,\"name\":\"Crise sanitaire\"}]},{\"@type\":\"WebSite\",\"@id\":\"https:\\\/\\\/www.choeur-et-passions.fr\\\/#website\",\"url\":\"https:\\\/\\\/www.choeur-et-passions.fr\\\/\",\"name\":\"Choeur & Passions\",\"description\":\"\",\"publisher\":{\"@id\":\"https:\\\/\\\/www.choeur-et-passions.fr\\\/#organization\"},\"potentialAction\":[{\"@type\":\"SearchAction\",\"target\":{\"@type\":\"EntryPoint\",\"urlTemplate\":\"https:\\\/\\\/www.choeur-et-passions.fr\\\/?s={search_term_string}\"},\"query-input\":{\"@type\":\"PropertyValueSpecification\",\"valueRequired\":true,\"valueName\":\"search_term_string\"}}],\"inLanguage\":\"fr-FR\"},{\"@type\":\"Organization\",\"@id\":\"https:\\\/\\\/www.choeur-et-passions.fr\\\/#organization\",\"name\":\"Choeur & Passions\",\"url\":\"https:\\\/\\\/www.choeur-et-passions.fr\\\/\",\"logo\":{\"@type\":\"ImageObject\",\"inLanguage\":\"fr-FR\",\"@id\":\"https:\\\/\\\/www.choeur-et-passions.fr\\\/#\\\/schema\\\/logo\\\/image\\\/\",\"url\":\"https:\\\/\\\/www.choeur-et-passions.fr\\\/wp-content\\\/uploads\\\/2024\\\/04\\\/logo-cep.gif\",\"contentUrl\":\"https:\\\/\\\/www.choeur-et-passions.fr\\\/wp-content\\\/uploads\\\/2024\\\/04\\\/logo-cep.gif\",\"width\":1970,\"height\":500,\"caption\":\"Choeur & Passions\"},\"image\":{\"@id\":\"https:\\\/\\\/www.choeur-et-passions.fr\\\/#\\\/schema\\\/logo\\\/image\\\/\"}},{\"@type\":\"Person\",\"@id\":\"https:\\\/\\\/www.choeur-et-passions.fr\\\/#\\\/schema\\\/person\\\/1e57a13b27c14bc5942c8ccec5c890b1\",\"name\":\"choeur_et_passions\",\"image\":{\"@type\":\"ImageObject\",\"inLanguage\":\"fr-FR\",\"@id\":\"https:\\\/\\\/secure.gravatar.com\\\/avatar\\\/d3628e043af31a00868fd400cda2e38cc5fea967e52784d3834c565a85f766f0?s=96&d=mm&r=g\",\"url\":\"https:\\\/\\\/secure.gravatar.com\\\/avatar\\\/d3628e043af31a00868fd400cda2e38cc5fea967e52784d3834c565a85f766f0?s=96&d=mm&r=g\",\"contentUrl\":\"https:\\\/\\\/secure.gravatar.com\\\/avatar\\\/d3628e043af31a00868fd400cda2e38cc5fea967e52784d3834c565a85f766f0?s=96&d=mm&r=g\",\"caption\":\"choeur_et_passions\"},\"url\":\"https:\\\/\\\/www.choeur-et-passions.fr\\\/index.php\\\/author\\\/admin\\\/\"}]}<\/script>\n<!-- \/ Yoast SEO plugin. -->","yoast_head_json":{"title":"Crise sanitaire - Choeur &amp; Passions","robots":{"index":"index","follow":"follow","max-snippet":"max-snippet:-1","max-image-preview":"max-image-preview:large","max-video-preview":"max-video-preview:-1"},"canonical":"https:\/\/www.choeur-et-passions.fr\/index.php\/2020\/06\/13\/crise-sanitaire\/","og_locale":"fr_FR","og_type":"article","og_title":"Crise sanitaire - Choeur &amp; Passions","og_description":"Bonjour ch\u00e8res amies et chers amis de Ch\u0153ur et Passions. Nous vous esp\u00e9rons tous en bonne sant\u00e9, et que tout s&rsquo;est bien pass\u00e9 pour vous pendant cette p\u00e9riode difficile. En raison de la crise sanitaire, nous avons bien s\u00fbr d\u00fb annuler le concert pr\u00e9vu le 13 juin avec le choeur de fl\u00fbtes de la Lys [&hellip;]","og_url":"https:\/\/www.choeur-et-passions.fr\/index.php\/2020\/06\/13\/crise-sanitaire\/","og_site_name":"Choeur &amp; Passions","article_published_time":"2020-06-13T11:13:00+00:00","article_modified_time":"2022-08-20T16:06:21+00:00","author":"choeur_et_passions","twitter_card":"summary_large_image","twitter_misc":{"\u00c9crit par":"choeur_et_passions","Dur\u00e9e de lecture estim\u00e9e":"1 minute"},"schema":{"@context":"https:\/\/schema.org","@graph":[{"@type":"Article","@id":"https:\/\/www.choeur-et-passions.fr\/index.php\/2020\/06\/13\/crise-sanitaire\/#article","isPartOf":{"@id":"https:\/\/www.choeur-et-passions.fr\/index.php\/2020\/06\/13\/crise-sanitaire\/"},"author":{"name":"choeur_et_passions","@id":"https:\/\/www.choeur-et-passions.fr\/#\/schema\/person\/1e57a13b27c14bc5942c8ccec5c890b1"},"headline":"Crise sanitaire","datePublished":"2020-06-13T11:13:00+00:00","dateModified":"2022-08-20T16:06:21+00:00","mainEntityOfPage":{"@id":"https:\/\/www.choeur-et-passions.fr\/index.php\/2020\/06\/13\/crise-sanitaire\/"},"wordCount":121,"publisher":{"@id":"https:\/\/www.choeur-et-passions.fr\/#organization"},"articleSection":["Actualit\u00e9s"],"inLanguage":"fr-FR"},{"@type":"WebPage","@id":"https:\/\/www.choeur-et-passions.fr\/index.php\/2020\/06\/13\/crise-sanitaire\/","url":"https:\/\/www.choeur-et-passions.fr\/index.php\/2020\/06\/13\/crise-sanitaire\/","name":"Crise sanitaire - Choeur &amp; Passions","isPartOf":{"@id":"https:\/\/www.choeur-et-passions.fr\/#website"},"datePublished":"2020-06-13T11:13:00+00:00","dateModified":"2022-08-20T16:06:21+00:00","breadcrumb":{"@id":"https:\/\/www.choeur-et-passions.fr\/index.php\/2020\/06\/13\/crise-sanitaire\/#breadcrumb"},"inLanguage":"fr-FR","potentialAction":[{"@type":"ReadAction","target":["https:\/\/www.choeur-et-passions.fr\/index.php\/2020\/06\/13\/crise-sanitaire\/"]}]},{"@type":"BreadcrumbList","@id":"https:\/\/www.choeur-et-passions.fr\/index.php\/2020\/06\/13\/crise-sanitaire\/#breadcrumb","itemListElement":[{"@type":"ListItem","position":1,"name":"Accueil","item":"https:\/\/www.choeur-et-passions.fr\/"},{"@type":"ListItem","position":2,"name":"Crise sanitaire"}]},{"@type":"WebSite","@id":"https:\/\/www.choeur-et-passions.fr\/#website","url":"https:\/\/www.choeur-et-passions.fr\/","name":"Choeur & Passions","description":"","publisher":{"@id":"https:\/\/www.choeur-et-passions.fr\/#organization"},"potentialAction":[{"@type":"SearchAction","target":{"@type":"EntryPoint","urlTemplate":"https:\/\/www.choeur-et-passions.fr\/?s={search_term_string}"},"query-input":{"@type":"PropertyValueSpecification","valueRequired":true,"valueName":"search_term_string"}}],"inLanguage":"fr-FR"},{"@type":"Organization","@id":"https:\/\/www.choeur-et-passions.fr\/#organization","name":"Choeur & Passions","url":"https:\/\/www.choeur-et-passions.fr\/","logo":{"@type":"ImageObject","inLanguage":"fr-FR","@id":"https:\/\/www.choeur-et-passions.fr\/#\/schema\/logo\/image\/","url":"https:\/\/www.choeur-et-passions.fr\/wp-content\/uploads\/2024\/04\/logo-cep.gif","contentUrl":"https:\/\/www.choeur-et-passions.fr\/wp-content\/uploads\/2024\/04\/logo-cep.gif","width":1970,"height":500,"caption":"Choeur & Passions"},"image":{"@id":"https:\/\/www.choeur-et-passions.fr\/#\/schema\/logo\/image\/"}},{"@type":"Person","@id":"https:\/\/www.choeur-et-passions.fr\/#\/schema\/person\/1e57a13b27c14bc5942c8ccec5c890b1","name":"choeur_et_passions","image":{"@type":"ImageObject","inLanguage":"fr-FR","@id":"https:\/\/secure.gravatar.com\/avatar\/d3628e043af31a00868fd400cda2e38cc5fea967e52784d3834c565a85f766f0?s=96&d=mm&r=g","url":"https:\/\/secure.gravatar.com\/avatar\/d3628e043af31a00868fd400cda2e38cc5fea967e52784d3834c565a85f766f0?s=96&d=mm&r=g","contentUrl":"https:\/\/secure.gravatar.com\/avatar\/d3628e043af31a00868fd400cda2e38cc5fea967e52784d3834c565a85f766f0?s=96&d=mm&r=g","caption":"choeur_et_passions"},"url":"https:\/\/www.choeur-et-passions.fr\/index.php\/author\/admin\/"}]}},"_links":{"self":[{"href":"https:\/\/www.choeur-et-passions.fr\/index.php\/wp-json\/wp\/v2\/posts\/2519","targetHints":{"allow":["GET"]}}],"collection":[{"href":"https:\/\/www.choeur-et-passions.fr\/index.php\/wp-json\/wp\/v2\/posts"}],"about":[{"href":"https:\/\/www.choeur-et-passions.fr\/index.php\/wp-json\/wp\/v2\/types\/post"}],"author":[{"embeddable":true,"href":"https:\/\/www.choeur-et-passions.fr\/index.php\/wp-json\/wp\/v2\/users\/1"}],"replies":[{"embeddable":true,"href":"https:\/\/www.choeur-et-passions.fr\/index.php\/wp-json\/wp\/v2\/comments?post=2519"}],"version-history":[{"count":1,"href":"https:\/\/www.choeur-et-passions.fr\/index.php\/wp-json\/wp\/v2\/posts\/2519\/revisions"}],"predecessor-version":[{"id":2520,"href":"https:\/\/www.choeur-et-passions.fr\/index.php\/wp-json\/wp\/v2\/posts\/2519\/revisions\/2520"}],"wp:attachment":[{"href":"https:\/\/www.choeur-et-passions.fr\/index.php\/wp-json\/wp\/v2\/media?parent=2519"}],"wp:term":[{"taxonomy":"category","embeddable":true,"href":"https:\/\/www.choeur-et-passions.fr\/index.php\/wp-json\/wp\/v2\/categories?post=2519"},{"taxonomy":"post_tag","embeddable":true,"href":"https:\/\/www.choeur-et-passions.fr\/index.php\/wp-json\/wp\/v2\/tags?post=2519"}],"curies":[{"name":"wp","href":"https:\/\/api.w.org\/{rel}","templated":true}]}}