{"id":678,"date":"2016-06-09T16:23:54","date_gmt":"2016-06-09T15:23:54","guid":{"rendered":"http:\/\/www.choeur-et-passions.fr\/?p=678"},"modified":"2016-06-09T16:24:15","modified_gmt":"2016-06-09T15:24:15","slug":"concert-de-chorales-a-leglise-st-sebastien","status":"publish","type":"post","link":"https:\/\/www.choeur-et-passions.fr\/index.php\/2016\/06\/09\/concert-de-chorales-a-leglise-st-sebastien\/","title":{"rendered":"Concert de chorales \u00e0 l&rsquo;\u00e9glise St S\u00e9bastien"},"content":{"rendered":"<p style=\"text-align: center; color: red; font-weight: bold; font-size: 16pt;\"><strong>Samedi 25 juin 2016 \u00e0 19 h<\/strong><\/p>\n<p style=\"text-align: center; color: red; font-weight: bold; font-size: 16pt;\"><strong>Eglise Saint S\u00e9bastien d\u2019Annappes<\/strong><\/p>\n<p>A l\u2019initiative de la chorale Ch\u0153ur et Passions, un concert pour la f\u00eate de la musique r\u00e9unissant 170 choristes et le groupe Les Maronneurs aura lieu en l&rsquo;Eglise St S\u00e9bastien.<\/p>\n<p>Les chorales invit\u00e9es sont : M\u00e9lo Di\u00e8se, La Parenth\u00e8se, Folie Phonie, Cantabile, Plain Chant.<\/p>\n<p>Au programme : chants traditionnels, chants du monde, vari\u00e9t\u00e9 moderne. <\/p>\n","protected":false},"excerpt":{"rendered":"<p>Samedi 25 juin 2016 \u00e0 19 h Eglise Saint S\u00e9bastien d\u2019Annappes A l\u2019initiative de la chorale Ch\u0153ur et Passions, un concert pour la f\u00eate de la musique r\u00e9unissant 170 choristes et le groupe Les Maronneurs aura lieu en l&rsquo;Eglise St S\u00e9bastien. Les chorales invit\u00e9es sont : M\u00e9lo Di\u00e8se, La Parenth\u00e8se, Folie Phonie, Cantabile, Plain Chant. [&hellip;]<\/p>\n","protected":false},"author":1,"featured_media":0,"comment_status":"open","ping_status":"open","sticky":false,"template":"","format":"standard","meta":{"ngg_post_thumbnail":0,"footnotes":""},"categories":[4],"tags":[],"class_list":["post-678","post","type-post","status-publish","format-standard","hentry","category-actualites"],"yoast_head":"<!-- This site is optimized with the Yoast SEO plugin v27.4 - https:\/\/yoast.com\/product\/yoast-seo-wordpress\/ -->\n<title>Concert de chorales \u00e0 l&#039;\u00e9glise St S\u00e9bastien - Choeur &amp; Passions<\/title>\n<meta name=\"robots\" content=\"index, follow, max-snippet:-1, max-image-preview:large, max-video-preview:-1\" \/>\n<link rel=\"canonical\" href=\"https:\/\/www.choeur-et-passions.fr\/index.php\/2016\/06\/09\/concert-de-chorales-a-leglise-st-sebastien\/\" \/>\n<meta property=\"og:locale\" content=\"fr_FR\" \/>\n<meta property=\"og:type\" content=\"article\" \/>\n<meta property=\"og:title\" content=\"Concert de chorales \u00e0 l&#039;\u00e9glise St S\u00e9bastien - Choeur &amp; Passions\" \/>\n<meta property=\"og:description\" content=\"Samedi 25 juin 2016 \u00e0 19 h Eglise Saint S\u00e9bastien d\u2019Annappes A l\u2019initiative de la chorale Ch\u0153ur et Passions, un concert pour la f\u00eate de la musique r\u00e9unissant 170 choristes et le groupe Les Maronneurs aura lieu en l&rsquo;Eglise St S\u00e9bastien. Les chorales invit\u00e9es sont : M\u00e9lo Di\u00e8se, La Parenth\u00e8se, Folie Phonie, Cantabile, Plain Chant. [&hellip;]\" \/>\n<meta property=\"og:url\" content=\"https:\/\/www.choeur-et-passions.fr\/index.php\/2016\/06\/09\/concert-de-chorales-a-leglise-st-sebastien\/\" \/>\n<meta property=\"og:site_name\" content=\"Choeur &amp; Passions\" \/>\n<meta property=\"article:published_time\" content=\"2016-06-09T15:23:54+00:00\" \/>\n<meta property=\"article:modified_time\" content=\"2016-06-09T15:24:15+00:00\" \/>\n<meta name=\"author\" content=\"choeur_et_passions\" \/>\n<meta name=\"twitter:card\" content=\"summary_large_image\" \/>\n<meta name=\"twitter:label1\" content=\"\u00c9crit par\" \/>\n\t<meta name=\"twitter:data1\" content=\"choeur_et_passions\" \/>\n<script type=\"application\/ld+json\" class=\"yoast-schema-graph\">{\"@context\":\"https:\\\/\\\/schema.org\",\"@graph\":[{\"@type\":\"Article\",\"@id\":\"https:\\\/\\\/www.choeur-et-passions.fr\\\/index.php\\\/2016\\\/06\\\/09\\\/concert-de-chorales-a-leglise-st-sebastien\\\/#article\",\"isPartOf\":{\"@id\":\"https:\\\/\\\/www.choeur-et-passions.fr\\\/index.php\\\/2016\\\/06\\\/09\\\/concert-de-chorales-a-leglise-st-sebastien\\\/\"},\"author\":{\"name\":\"choeur_et_passions\",\"@id\":\"https:\\\/\\\/www.choeur-et-passions.fr\\\/#\\\/schema\\\/person\\\/1e57a13b27c14bc5942c8ccec5c890b1\"},\"headline\":\"Concert de chorales \u00e0 l&rsquo;\u00e9glise St S\u00e9bastien\",\"datePublished\":\"2016-06-09T15:23:54+00:00\",\"dateModified\":\"2016-06-09T15:24:15+00:00\",\"mainEntityOfPage\":{\"@id\":\"https:\\\/\\\/www.choeur-et-passions.fr\\\/index.php\\\/2016\\\/06\\\/09\\\/concert-de-chorales-a-leglise-st-sebastien\\\/\"},\"wordCount\":79,\"commentCount\":0,\"publisher\":{\"@id\":\"https:\\\/\\\/www.choeur-et-passions.fr\\\/#organization\"},\"articleSection\":[\"Actualit\u00e9s\"],\"inLanguage\":\"fr-FR\",\"potentialAction\":[{\"@type\":\"CommentAction\",\"name\":\"Comment\",\"target\":[\"https:\\\/\\\/www.choeur-et-passions.fr\\\/index.php\\\/2016\\\/06\\\/09\\\/concert-de-chorales-a-leglise-st-sebastien\\\/#respond\"]}]},{\"@type\":\"WebPage\",\"@id\":\"https:\\\/\\\/www.choeur-et-passions.fr\\\/index.php\\\/2016\\\/06\\\/09\\\/concert-de-chorales-a-leglise-st-sebastien\\\/\",\"url\":\"https:\\\/\\\/www.choeur-et-passions.fr\\\/index.php\\\/2016\\\/06\\\/09\\\/concert-de-chorales-a-leglise-st-sebastien\\\/\",\"name\":\"Concert de chorales \u00e0 l'\u00e9glise St S\u00e9bastien - Choeur &amp; Passions\",\"isPartOf\":{\"@id\":\"https:\\\/\\\/www.choeur-et-passions.fr\\\/#website\"},\"datePublished\":\"2016-06-09T15:23:54+00:00\",\"dateModified\":\"2016-06-09T15:24:15+00:00\",\"breadcrumb\":{\"@id\":\"https:\\\/\\\/www.choeur-et-passions.fr\\\/index.php\\\/2016\\\/06\\\/09\\\/concert-de-chorales-a-leglise-st-sebastien\\\/#breadcrumb\"},\"inLanguage\":\"fr-FR\",\"potentialAction\":[{\"@type\":\"ReadAction\",\"target\":[\"https:\\\/\\\/www.choeur-et-passions.fr\\\/index.php\\\/2016\\\/06\\\/09\\\/concert-de-chorales-a-leglise-st-sebastien\\\/\"]}]},{\"@type\":\"BreadcrumbList\",\"@id\":\"https:\\\/\\\/www.choeur-et-passions.fr\\\/index.php\\\/2016\\\/06\\\/09\\\/concert-de-chorales-a-leglise-st-sebastien\\\/#breadcrumb\",\"itemListElement\":[{\"@type\":\"ListItem\",\"position\":1,\"name\":\"Accueil\",\"item\":\"https:\\\/\\\/www.choeur-et-passions.fr\\\/\"},{\"@type\":\"ListItem\",\"position\":2,\"name\":\"Concert de chorales \u00e0 l&rsquo;\u00e9glise St S\u00e9bastien\"}]},{\"@type\":\"WebSite\",\"@id\":\"https:\\\/\\\/www.choeur-et-passions.fr\\\/#website\",\"url\":\"https:\\\/\\\/www.choeur-et-passions.fr\\\/\",\"name\":\"Choeur & Passions\",\"description\":\"\",\"publisher\":{\"@id\":\"https:\\\/\\\/www.choeur-et-passions.fr\\\/#organization\"},\"potentialAction\":[{\"@type\":\"SearchAction\",\"target\":{\"@type\":\"EntryPoint\",\"urlTemplate\":\"https:\\\/\\\/www.choeur-et-passions.fr\\\/?s={search_term_string}\"},\"query-input\":{\"@type\":\"PropertyValueSpecification\",\"valueRequired\":true,\"valueName\":\"search_term_string\"}}],\"inLanguage\":\"fr-FR\"},{\"@type\":\"Organization\",\"@id\":\"https:\\\/\\\/www.choeur-et-passions.fr\\\/#organization\",\"name\":\"Choeur & Passions\",\"url\":\"https:\\\/\\\/www.choeur-et-passions.fr\\\/\",\"logo\":{\"@type\":\"ImageObject\",\"inLanguage\":\"fr-FR\",\"@id\":\"https:\\\/\\\/www.choeur-et-passions.fr\\\/#\\\/schema\\\/logo\\\/image\\\/\",\"url\":\"https:\\\/\\\/www.choeur-et-passions.fr\\\/wp-content\\\/uploads\\\/2024\\\/04\\\/logo-cep.gif\",\"contentUrl\":\"https:\\\/\\\/www.choeur-et-passions.fr\\\/wp-content\\\/uploads\\\/2024\\\/04\\\/logo-cep.gif\",\"width\":1970,\"height\":500,\"caption\":\"Choeur & Passions\"},\"image\":{\"@id\":\"https:\\\/\\\/www.choeur-et-passions.fr\\\/#\\\/schema\\\/logo\\\/image\\\/\"}},{\"@type\":\"Person\",\"@id\":\"https:\\\/\\\/www.choeur-et-passions.fr\\\/#\\\/schema\\\/person\\\/1e57a13b27c14bc5942c8ccec5c890b1\",\"name\":\"choeur_et_passions\",\"image\":{\"@type\":\"ImageObject\",\"inLanguage\":\"fr-FR\",\"@id\":\"https:\\\/\\\/secure.gravatar.com\\\/avatar\\\/d3628e043af31a00868fd400cda2e38cc5fea967e52784d3834c565a85f766f0?s=96&d=mm&r=g\",\"url\":\"https:\\\/\\\/secure.gravatar.com\\\/avatar\\\/d3628e043af31a00868fd400cda2e38cc5fea967e52784d3834c565a85f766f0?s=96&d=mm&r=g\",\"contentUrl\":\"https:\\\/\\\/secure.gravatar.com\\\/avatar\\\/d3628e043af31a00868fd400cda2e38cc5fea967e52784d3834c565a85f766f0?s=96&d=mm&r=g\",\"caption\":\"choeur_et_passions\"},\"url\":\"https:\\\/\\\/www.choeur-et-passions.fr\\\/index.php\\\/author\\\/admin\\\/\"}]}<\/script>\n<!-- \/ Yoast SEO plugin. -->","yoast_head_json":{"title":"Concert de chorales \u00e0 l'\u00e9glise St S\u00e9bastien - Choeur &amp; Passions","robots":{"index":"index","follow":"follow","max-snippet":"max-snippet:-1","max-image-preview":"max-image-preview:large","max-video-preview":"max-video-preview:-1"},"canonical":"https:\/\/www.choeur-et-passions.fr\/index.php\/2016\/06\/09\/concert-de-chorales-a-leglise-st-sebastien\/","og_locale":"fr_FR","og_type":"article","og_title":"Concert de chorales \u00e0 l'\u00e9glise St S\u00e9bastien - Choeur &amp; Passions","og_description":"Samedi 25 juin 2016 \u00e0 19 h Eglise Saint S\u00e9bastien d\u2019Annappes A l\u2019initiative de la chorale Ch\u0153ur et Passions, un concert pour la f\u00eate de la musique r\u00e9unissant 170 choristes et le groupe Les Maronneurs aura lieu en l&rsquo;Eglise St S\u00e9bastien. Les chorales invit\u00e9es sont : M\u00e9lo Di\u00e8se, La Parenth\u00e8se, Folie Phonie, Cantabile, Plain Chant. [&hellip;]","og_url":"https:\/\/www.choeur-et-passions.fr\/index.php\/2016\/06\/09\/concert-de-chorales-a-leglise-st-sebastien\/","og_site_name":"Choeur &amp; Passions","article_published_time":"2016-06-09T15:23:54+00:00","article_modified_time":"2016-06-09T15:24:15+00:00","author":"choeur_et_passions","twitter_card":"summary_large_image","twitter_misc":{"\u00c9crit par":"choeur_et_passions"},"schema":{"@context":"https:\/\/schema.org","@graph":[{"@type":"Article","@id":"https:\/\/www.choeur-et-passions.fr\/index.php\/2016\/06\/09\/concert-de-chorales-a-leglise-st-sebastien\/#article","isPartOf":{"@id":"https:\/\/www.choeur-et-passions.fr\/index.php\/2016\/06\/09\/concert-de-chorales-a-leglise-st-sebastien\/"},"author":{"name":"choeur_et_passions","@id":"https:\/\/www.choeur-et-passions.fr\/#\/schema\/person\/1e57a13b27c14bc5942c8ccec5c890b1"},"headline":"Concert de chorales \u00e0 l&rsquo;\u00e9glise St S\u00e9bastien","datePublished":"2016-06-09T15:23:54+00:00","dateModified":"2016-06-09T15:24:15+00:00","mainEntityOfPage":{"@id":"https:\/\/www.choeur-et-passions.fr\/index.php\/2016\/06\/09\/concert-de-chorales-a-leglise-st-sebastien\/"},"wordCount":79,"commentCount":0,"publisher":{"@id":"https:\/\/www.choeur-et-passions.fr\/#organization"},"articleSection":["Actualit\u00e9s"],"inLanguage":"fr-FR","potentialAction":[{"@type":"CommentAction","name":"Comment","target":["https:\/\/www.choeur-et-passions.fr\/index.php\/2016\/06\/09\/concert-de-chorales-a-leglise-st-sebastien\/#respond"]}]},{"@type":"WebPage","@id":"https:\/\/www.choeur-et-passions.fr\/index.php\/2016\/06\/09\/concert-de-chorales-a-leglise-st-sebastien\/","url":"https:\/\/www.choeur-et-passions.fr\/index.php\/2016\/06\/09\/concert-de-chorales-a-leglise-st-sebastien\/","name":"Concert de chorales \u00e0 l'\u00e9glise St S\u00e9bastien - Choeur &amp; Passions","isPartOf":{"@id":"https:\/\/www.choeur-et-passions.fr\/#website"},"datePublished":"2016-06-09T15:23:54+00:00","dateModified":"2016-06-09T15:24:15+00:00","breadcrumb":{"@id":"https:\/\/www.choeur-et-passions.fr\/index.php\/2016\/06\/09\/concert-de-chorales-a-leglise-st-sebastien\/#breadcrumb"},"inLanguage":"fr-FR","potentialAction":[{"@type":"ReadAction","target":["https:\/\/www.choeur-et-passions.fr\/index.php\/2016\/06\/09\/concert-de-chorales-a-leglise-st-sebastien\/"]}]},{"@type":"BreadcrumbList","@id":"https:\/\/www.choeur-et-passions.fr\/index.php\/2016\/06\/09\/concert-de-chorales-a-leglise-st-sebastien\/#breadcrumb","itemListElement":[{"@type":"ListItem","position":1,"name":"Accueil","item":"https:\/\/www.choeur-et-passions.fr\/"},{"@type":"ListItem","position":2,"name":"Concert de chorales \u00e0 l&rsquo;\u00e9glise St S\u00e9bastien"}]},{"@type":"WebSite","@id":"https:\/\/www.choeur-et-passions.fr\/#website","url":"https:\/\/www.choeur-et-passions.fr\/","name":"Choeur & Passions","description":"","publisher":{"@id":"https:\/\/www.choeur-et-passions.fr\/#organization"},"potentialAction":[{"@type":"SearchAction","target":{"@type":"EntryPoint","urlTemplate":"https:\/\/www.choeur-et-passions.fr\/?s={search_term_string}"},"query-input":{"@type":"PropertyValueSpecification","valueRequired":true,"valueName":"search_term_string"}}],"inLanguage":"fr-FR"},{"@type":"Organization","@id":"https:\/\/www.choeur-et-passions.fr\/#organization","name":"Choeur & Passions","url":"https:\/\/www.choeur-et-passions.fr\/","logo":{"@type":"ImageObject","inLanguage":"fr-FR","@id":"https:\/\/www.choeur-et-passions.fr\/#\/schema\/logo\/image\/","url":"https:\/\/www.choeur-et-passions.fr\/wp-content\/uploads\/2024\/04\/logo-cep.gif","contentUrl":"https:\/\/www.choeur-et-passions.fr\/wp-content\/uploads\/2024\/04\/logo-cep.gif","width":1970,"height":500,"caption":"Choeur & Passions"},"image":{"@id":"https:\/\/www.choeur-et-passions.fr\/#\/schema\/logo\/image\/"}},{"@type":"Person","@id":"https:\/\/www.choeur-et-passions.fr\/#\/schema\/person\/1e57a13b27c14bc5942c8ccec5c890b1","name":"choeur_et_passions","image":{"@type":"ImageObject","inLanguage":"fr-FR","@id":"https:\/\/secure.gravatar.com\/avatar\/d3628e043af31a00868fd400cda2e38cc5fea967e52784d3834c565a85f766f0?s=96&d=mm&r=g","url":"https:\/\/secure.gravatar.com\/avatar\/d3628e043af31a00868fd400cda2e38cc5fea967e52784d3834c565a85f766f0?s=96&d=mm&r=g","contentUrl":"https:\/\/secure.gravatar.com\/avatar\/d3628e043af31a00868fd400cda2e38cc5fea967e52784d3834c565a85f766f0?s=96&d=mm&r=g","caption":"choeur_et_passions"},"url":"https:\/\/www.choeur-et-passions.fr\/index.php\/author\/admin\/"}]}},"_links":{"self":[{"href":"https:\/\/www.choeur-et-passions.fr\/index.php\/wp-json\/wp\/v2\/posts\/678","targetHints":{"allow":["GET"]}}],"collection":[{"href":"https:\/\/www.choeur-et-passions.fr\/index.php\/wp-json\/wp\/v2\/posts"}],"about":[{"href":"https:\/\/www.choeur-et-passions.fr\/index.php\/wp-json\/wp\/v2\/types\/post"}],"author":[{"embeddable":true,"href":"https:\/\/www.choeur-et-passions.fr\/index.php\/wp-json\/wp\/v2\/users\/1"}],"replies":[{"embeddable":true,"href":"https:\/\/www.choeur-et-passions.fr\/index.php\/wp-json\/wp\/v2\/comments?post=678"}],"version-history":[{"count":1,"href":"https:\/\/www.choeur-et-passions.fr\/index.php\/wp-json\/wp\/v2\/posts\/678\/revisions"}],"predecessor-version":[{"id":679,"href":"https:\/\/www.choeur-et-passions.fr\/index.php\/wp-json\/wp\/v2\/posts\/678\/revisions\/679"}],"wp:attachment":[{"href":"https:\/\/www.choeur-et-passions.fr\/index.php\/wp-json\/wp\/v2\/media?parent=678"}],"wp:term":[{"taxonomy":"category","embeddable":true,"href":"https:\/\/www.choeur-et-passions.fr\/index.php\/wp-json\/wp\/v2\/categories?post=678"},{"taxonomy":"post_tag","embeddable":true,"href":"https:\/\/www.choeur-et-passions.fr\/index.php\/wp-json\/wp\/v2\/tags?post=678"}],"curies":[{"name":"wp","href":"https:\/\/api.w.org\/{rel}","templated":true}]}}